{"id":1484,"date":"2026-04-28T19:31:22","date_gmt":"2026-04-28T19:31:22","guid":{"rendered":"https:\/\/ewamartynkien.com\/?p=1484"},"modified":"2026-04-28T19:32:48","modified_gmt":"2026-04-28T19:32:48","slug":"kiedy-przyjazn-daje-supermoce","status":"publish","type":"post","link":"https:\/\/ewamartynkien.com\/index.php\/2026\/04\/28\/kiedy-przyjazn-daje-supermoce\/","title":{"rendered":"\u201eKiedy przyja\u017a\u0144 daje supermoce\u2026\u201d"},"content":{"rendered":"\t\t<div data-elementor-type=\"wp-post\" data-elementor-id=\"1484\" class=\"elementor elementor-1484\">\n\t\t\t\t<div class=\"elementor-element elementor-element-1dd4e305 e-flex e-con-boxed e-con e-parent\" data-id=\"1dd4e305\" data-element_type=\"container\" data-e-type=\"container\">\n\t\t\t\t\t<div class=\"e-con-inner\">\n\t\t<div class=\"elementor-element elementor-element-2a523ee6 e-grid e-con-full e-con e-child\" data-id=\"2a523ee6\" data-element_type=\"container\" data-e-type=\"container\">\n\t\t\t\t<div class=\"elementor-element elementor-element-7805d4c3 elementor-widget elementor-widget-text-editor\" data-id=\"7805d4c3\" data-element_type=\"widget\" data-e-type=\"widget\" data-widget_type=\"text-editor.default\">\n\t\t\t\t\t\t\t\t\t<h3>Fina\u0142 konkursu czytelniczego w Legnicy<\/h3><p>Czy dzieci przestaj\u0105 czyta\u0107? Dzieci pasjami czytaj\u0105 ksi\u0105\u017cki! A ja mia\u0142am okazj\u0119 si\u0119 o tym przekona\u0107.\u00a0<\/p><p>W \u015brod\u0119 w Legnicy odby\u0142 si\u0119 fina\u0142 konkursu czytelniczego \u201eKiedy przyja\u017a\u0144 daje supermoce\u2026\u201d w oparciu o moje ksi\u0105\u017cki. Fina\u0142 mia\u0142 miejsce w Legnicka Biblioteka Publiczna im. T. Gumi\u0144skiego, kt\u00f3rej bardzo dzi\u0119kuj\u0119 za zaproszenie do projektu. To dla mnie ogromne wyr\u00f3\u017cnienie.\u00a0<\/p><p>Przez ca\u0142y tydzie\u0144 spotyka\u0142am si\u0119 z uczniami w szko\u0142ach i bibliotekach, kt\u00f3re bra\u0142y udzia\u0142 w konkursie. By\u0142a to te\u017c okazja, by opowiedzie\u0107 dzieciom o mojej najnowszej ksi\u0105\u017cce \u201eCh\u0142opiec i Gwiezdny Wilk\u201d od Wydawnictwo Literatura. Dzi\u0119kuj\u0119 Gokis Mi\u0142kowice, Miejska Biblioteka Publiczna w Chojnowie, Gminna Biblioteka Publiczna w Chojnowie z siedzib\u0105 w Krzywej oraz Szko\u0142a Podstawowa Okmiany za zaproszenie. By\u0142o mi niezmiernie mi\u0142o u Was go\u015bci\u0107:-)<\/p><div class=\"yj6qo\">\u00a0<\/div>\t\t\t\t\t\t\t\t<\/div>\n\t\t\t\t<div class=\"elementor-element elementor-element-340b13c1 elementor-widget elementor-widget-image\" data-id=\"340b13c1\" data-element_type=\"widget\" data-e-type=\"widget\" data-widget_type=\"image.default\">\n\t\t\t\t\t\t\t\t\t\t\t\t\t\t\t<img fetchpriority=\"high\" decoding=\"async\" width=\"819\" height=\"1024\" src=\"https:\/\/ewamartynkien.com\/wp-content\/uploads\/2026\/04\/\u201eKiedy-przyjazn-daje-supermoce\u2026-3-819x1024.png\" class=\"attachment-large size-large wp-image-1485\" alt=\"\" srcset=\"https:\/\/ewamartynkien.com\/wp-content\/uploads\/2026\/04\/\u201eKiedy-przyjazn-daje-supermoce\u2026-3-819x1024.png 819w, https:\/\/ewamartynkien.com\/wp-content\/uploads\/2026\/04\/\u201eKiedy-przyjazn-daje-supermoce\u2026-3-240x300.png 240w, https:\/\/ewamartynkien.com\/wp-content\/uploads\/2026\/04\/\u201eKiedy-przyjazn-daje-supermoce\u2026-3-768x960.png 768w, https:\/\/ewamartynkien.com\/wp-content\/uploads\/2026\/04\/\u201eKiedy-przyjazn-daje-supermoce\u2026-3.png 1080w\" sizes=\"(max-width: 819px) 100vw, 819px\" \/>\t\t\t\t\t\t\t\t\t\t\t\t\t\t\t<\/div>\n\t\t\t\t<\/div>\n\t\t\t\t\t<\/div>\n\t\t\t\t<\/div>\n\t\t\t\t<\/div>\n\t\t","protected":false},"excerpt":{"rendered":"<p>Fina\u0142 konkursu czytelniczego w Legnicy Czy dzieci przestaj\u0105 czyta\u0107? Dzieci pasjami czytaj\u0105 ksi\u0105\u017cki! A ja mia\u0142am okazj\u0119 si\u0119 o tym przekona\u0107.\u00a0 W \u015brod\u0119 w Legnicy odby\u0142 si\u0119 fina\u0142 konkursu czytelniczego \u201eKiedy przyja\u017a\u0144 daje supermoce\u2026\u201d w oparciu o moje ksi\u0105\u017cki. Fina\u0142 mia\u0142 miejsce w Legnicka Biblioteka Publiczna im. T. Gumi\u0144skiego, kt\u00f3rej bardzo dzi\u0119kuj\u0119 za zaproszenie do &hellip;<\/p>\n","protected":false},"author":2,"featured_media":1485,"comment_status":"closed","ping_status":"open","sticky":false,"template":"","format":"standard","meta":{"footnotes":""},"categories":[7],"tags":[],"class_list":["post-1484","post","type-post","status-publish","format-standard","has-post-thumbnail","hentry","category-aktualnosci"],"_links":{"self":[{"href":"https:\/\/ewamartynkien.com\/index.php\/wp-json\/wp\/v2\/posts\/1484","targetHints":{"allow":["GET"]}}],"collection":[{"href":"https:\/\/ewamartynkien.com\/index.php\/wp-json\/wp\/v2\/posts"}],"about":[{"href":"https:\/\/ewamartynkien.com\/index.php\/wp-json\/wp\/v2\/types\/post"}],"author":[{"embeddable":true,"href":"https:\/\/ewamartynkien.com\/index.php\/wp-json\/wp\/v2\/users\/2"}],"replies":[{"embeddable":true,"href":"https:\/\/ewamartynkien.com\/index.php\/wp-json\/wp\/v2\/comments?post=1484"}],"version-history":[{"count":4,"href":"https:\/\/ewamartynkien.com\/index.php\/wp-json\/wp\/v2\/posts\/1484\/revisions"}],"predecessor-version":[{"id":1489,"href":"https:\/\/ewamartynkien.com\/index.php\/wp-json\/wp\/v2\/posts\/1484\/revisions\/1489"}],"wp:featuredmedia":[{"embeddable":true,"href":"https:\/\/ewamartynkien.com\/index.php\/wp-json\/wp\/v2\/media\/1485"}],"wp:attachment":[{"href":"https:\/\/ewamartynkien.com\/index.php\/wp-json\/wp\/v2\/media?parent=1484"}],"wp:term":[{"taxonomy":"category","embeddable":true,"href":"https:\/\/ewamartynkien.com\/index.php\/wp-json\/wp\/v2\/categories?post=1484"},{"taxonomy":"post_tag","embeddable":true,"href":"https:\/\/ewamartynkien.com\/index.php\/wp-json\/wp\/v2\/tags?post=1484"}],"curies":[{"name":"wp","href":"https:\/\/api.w.org\/{rel}","templated":true}]}}