{"id":387,"date":"2026-04-28T08:55:34","date_gmt":"2026-04-28T08:55:34","guid":{"rendered":"https:\/\/serwer431481.lh.pl\/autoinstalator\/serwer431481.lh.pl\/wordpress156182\/?p=387"},"modified":"2026-04-28T19:16:01","modified_gmt":"2026-04-28T19:16:01","slug":"gwiezdny-wilk-jak-haftowany","status":"publish","type":"post","link":"https:\/\/ewamartynkien.com\/index.php\/2026\/04\/28\/gwiezdny-wilk-jak-haftowany\/","title":{"rendered":"Gwiezdny Wilk jak haftowany"},"content":{"rendered":"\t\t<div data-elementor-type=\"wp-post\" data-elementor-id=\"387\" class=\"elementor elementor-387\">\n\t\t\t\t<div class=\"elementor-element elementor-element-5888d95 e-flex e-con-boxed e-con e-parent\" data-id=\"5888d95\" data-element_type=\"container\" data-e-type=\"container\">\n\t\t\t\t\t<div class=\"e-con-inner\">\n\t\t<div class=\"elementor-element elementor-element-5fd992d e-grid e-con-full e-con e-child\" data-id=\"5fd992d\" data-element_type=\"container\" data-e-type=\"container\">\n\t\t\t\t<div class=\"elementor-element elementor-element-10ea176 elementor-widget elementor-widget-text-editor\" data-id=\"10ea176\" data-element_type=\"widget\" data-e-type=\"widget\" data-widget_type=\"text-editor.default\">\n\t\t\t\t\t\t\t\t\t<p>Rozmowy o ksi\u0105\u017cce \u201eCh\u0142opiec i Gwiezdny Wilk\u201d<\/p><p>W ubieg\u0142ym tygodniu mia\u0142am okazj\u0119 odwiedzi\u0107 rodzinn\u0105 szko\u0142\u0119 edukacji domowej pod Warszaw\u0105. Spotkanie z ksi\u0105\u017ck\u0105 \u201eCh\u0142opiec i Gwiezdny Wilk\u201d toczy\u0142o si\u0119 w nieformalnej, ciep\u0142ej atmosferze. Przy tej okazji powsta\u0142y niezwyk\u0142e zak\u0142adki dedykowane ksi\u0105\u017cce.\u00a0<\/p><p>Zachwyci\u0142a mnie kreatywno\u015b\u0107 dzieci i ich pomys\u0142y. Dosta\u0142am instrukcj\u0119 wykonania i pozwolenie na wykorzystanie pomys\u0142u podczas innych spotka\u0144.\u00a0<\/p><p>Stefci, Jerzykowi i Karolci bardzo dzi\u0119kuj\u0119 i ciesz\u0119 na nasze kolejne wsp\u00f3lne artystyczne przygody. By\u0107 mo\u017ce ju\u017c czasie letnich wakacji:-)<\/p>\t\t\t\t\t\t\t\t<\/div>\n\t\t\t\t<div class=\"elementor-element elementor-element-74b5929 elementor-widget elementor-widget-image\" data-id=\"74b5929\" data-element_type=\"widget\" data-e-type=\"widget\" data-widget_type=\"image.default\">\n\t\t\t\t\t\t\t\t\t\t\t\t\t\t\t<img fetchpriority=\"high\" decoding=\"async\" width=\"819\" height=\"1024\" src=\"https:\/\/ewamartynkien.com\/wp-content\/uploads\/2026\/04\/gwiezdny-wilk-jak-haftowany-819x1024.png\" class=\"attachment-large size-large wp-image-388\" alt=\"\" srcset=\"https:\/\/ewamartynkien.com\/wp-content\/uploads\/2026\/04\/gwiezdny-wilk-jak-haftowany-819x1024.png 819w, https:\/\/ewamartynkien.com\/wp-content\/uploads\/2026\/04\/gwiezdny-wilk-jak-haftowany-240x300.png 240w, https:\/\/ewamartynkien.com\/wp-content\/uploads\/2026\/04\/gwiezdny-wilk-jak-haftowany-768x960.png 768w, https:\/\/ewamartynkien.com\/wp-content\/uploads\/2026\/04\/gwiezdny-wilk-jak-haftowany.png 1080w\" sizes=\"(max-width: 819px) 100vw, 819px\" \/>\t\t\t\t\t\t\t\t\t\t\t\t\t\t\t<\/div>\n\t\t\t\t<\/div>\n\t\t\t\t\t<\/div>\n\t\t\t\t<\/div>\n\t\t\t\t<\/div>\n\t\t","protected":false},"excerpt":{"rendered":"<p>Rozmowy o ksi\u0105\u017cce \u201eCh\u0142opiec i Gwiezdny Wilk\u201d W ubieg\u0142ym tygodniu mia\u0142am okazj\u0119 odwiedzi\u0107 rodzinn\u0105 szko\u0142\u0119 edukacji domowej pod Warszaw\u0105. Spotkanie z ksi\u0105\u017ck\u0105 \u201eCh\u0142opiec i Gwiezdny Wilk\u201d toczy\u0142o si\u0119 w nieformalnej, ciep\u0142ej atmosferze. Przy tej okazji powsta\u0142y niezwyk\u0142e zak\u0142adki dedykowane ksi\u0105\u017cce.\u00a0 Zachwyci\u0142a mnie kreatywno\u015b\u0107 dzieci i ich pomys\u0142y. Dosta\u0142am instrukcj\u0119 wykonania i pozwolenie na wykorzystanie pomys\u0142u &hellip;<\/p>\n","protected":false},"author":2,"featured_media":388,"comment_status":"closed","ping_status":"open","sticky":false,"template":"","format":"standard","meta":{"footnotes":""},"categories":[7],"tags":[],"class_list":["post-387","post","type-post","status-publish","format-standard","has-post-thumbnail","hentry","category-aktualnosci"],"_links":{"self":[{"href":"https:\/\/ewamartynkien.com\/index.php\/wp-json\/wp\/v2\/posts\/387","targetHints":{"allow":["GET"]}}],"collection":[{"href":"https:\/\/ewamartynkien.com\/index.php\/wp-json\/wp\/v2\/posts"}],"about":[{"href":"https:\/\/ewamartynkien.com\/index.php\/wp-json\/wp\/v2\/types\/post"}],"author":[{"embeddable":true,"href":"https:\/\/ewamartynkien.com\/index.php\/wp-json\/wp\/v2\/users\/2"}],"replies":[{"embeddable":true,"href":"https:\/\/ewamartynkien.com\/index.php\/wp-json\/wp\/v2\/comments?post=387"}],"version-history":[{"count":3,"href":"https:\/\/ewamartynkien.com\/index.php\/wp-json\/wp\/v2\/posts\/387\/revisions"}],"predecessor-version":[{"id":391,"href":"https:\/\/ewamartynkien.com\/index.php\/wp-json\/wp\/v2\/posts\/387\/revisions\/391"}],"wp:featuredmedia":[{"embeddable":true,"href":"https:\/\/ewamartynkien.com\/index.php\/wp-json\/wp\/v2\/media\/388"}],"wp:attachment":[{"href":"https:\/\/ewamartynkien.com\/index.php\/wp-json\/wp\/v2\/media?parent=387"}],"wp:term":[{"taxonomy":"category","embeddable":true,"href":"https:\/\/ewamartynkien.com\/index.php\/wp-json\/wp\/v2\/categories?post=387"},{"taxonomy":"post_tag","embeddable":true,"href":"https:\/\/ewamartynkien.com\/index.php\/wp-json\/wp\/v2\/tags?post=387"}],"curies":[{"name":"wp","href":"https:\/\/api.w.org\/{rel}","templated":true}]}}