{"id":397,"date":"2026-04-28T09:28:11","date_gmt":"2026-04-28T09:28:11","guid":{"rendered":"https:\/\/serwer431481.lh.pl\/autoinstalator\/serwer431481.lh.pl\/wordpress156182\/?p=397"},"modified":"2026-04-28T19:16:14","modified_gmt":"2026-04-28T19:16:14","slug":"czesc-jestem-toto","status":"publish","type":"post","link":"https:\/\/ewamartynkien.com\/index.php\/2026\/04\/28\/czesc-jestem-toto\/","title":{"rendered":"Cze\u015b\u0107, jestem Toto!"},"content":{"rendered":"\t\t<div data-elementor-type=\"wp-post\" data-elementor-id=\"397\" class=\"elementor elementor-397\">\n\t\t\t\t<div class=\"elementor-element elementor-element-3301cac2 e-flex e-con-boxed e-con e-parent\" data-id=\"3301cac2\" data-element_type=\"container\" data-e-type=\"container\">\n\t\t\t\t\t<div class=\"e-con-inner\">\n\t\t<div class=\"elementor-element elementor-element-10e8c82d e-grid e-con-full e-con e-child\" data-id=\"10e8c82d\" data-element_type=\"container\" data-e-type=\"container\">\n\t\t\t\t<div class=\"elementor-element elementor-element-7473b059 elementor-widget elementor-widget-text-editor\" data-id=\"7473b059\" data-element_type=\"widget\" data-e-type=\"widget\" data-widget_type=\"text-editor.default\">\n\t\t\t\t\t\t\t\t\t<p>@Popisajkowy cykl warsztat\u00f3w w Weso\u0142ej Tr\u00f3jeczce\u201d<\/p><p>Przez kilka tygodni przedszkolaki z Weso\u0142ej Tr\u00f3jeczki we Wroc\u0142awiu z zaanga\u017cowaniem tworzy\u0142y swoje w\u0142asne opowie\u015bci. Bohaterowie dostali imiona, a dzieci postanowi\u0142y nada\u0107 im tak\u017ce specjalne atrybuty i moce. Wszystkie historie znalaz\u0142y si\u0119 w r\u0119cznie wykonanych ksi\u0105\u017ceczkach. Du\u017c\u0105 frajd\u0119 sprawi\u0142o nam r\u00f3wnie\u017c wsp\u00f3lne opowiadanie.\u00a0<\/p><p>@Popisajki to \u0107wiczenia z wyobra\u017ani, wychodzenia poza schemat, tw\u00f3rczego rozwi\u0105zywania napotykanych podczas tworzenia problem\u00f3w, pracy na unikatowy efekt ko\u0144cowy. Dzi\u0119ki temu mali tw\u00f3rcy rozwijaj\u0105 swoje talenty, a jednocze\u015bnie lepiej poznaj\u0105 siebie i buduj\u0105 poczucie w\u0142asnej warto\u015bci.\u00a0<\/p><p>Dzi\u0119kuj\u0119 za zaproszenie, dobr\u0105 zabaw\u0119 i wsp\u00f3lnie sp\u0119dzony czas!<\/p>\t\t\t\t\t\t\t\t<\/div>\n\t\t\t\t<div class=\"elementor-element elementor-element-4cf6c6ab elementor-widget elementor-widget-image\" data-id=\"4cf6c6ab\" data-element_type=\"widget\" data-e-type=\"widget\" data-widget_type=\"image.default\">\n\t\t\t\t\t\t\t\t\t\t\t\t\t\t\t<img fetchpriority=\"high\" decoding=\"async\" width=\"819\" height=\"1024\" src=\"https:\/\/ewamartynkien.com\/wp-content\/uploads\/2026\/04\/jestem-toto-819x1024.png\" class=\"attachment-large size-large wp-image-398\" alt=\"\" srcset=\"https:\/\/ewamartynkien.com\/wp-content\/uploads\/2026\/04\/jestem-toto-819x1024.png 819w, https:\/\/ewamartynkien.com\/wp-content\/uploads\/2026\/04\/jestem-toto-240x300.png 240w, https:\/\/ewamartynkien.com\/wp-content\/uploads\/2026\/04\/jestem-toto-768x960.png 768w, https:\/\/ewamartynkien.com\/wp-content\/uploads\/2026\/04\/jestem-toto.png 1080w\" sizes=\"(max-width: 819px) 100vw, 819px\" \/>\t\t\t\t\t\t\t\t\t\t\t\t\t\t\t<\/div>\n\t\t\t\t<\/div>\n\t\t\t\t\t<\/div>\n\t\t\t\t<\/div>\n\t\t\t\t<\/div>\n\t\t","protected":false},"excerpt":{"rendered":"<p>@Popisajkowy cykl warsztat\u00f3w w Weso\u0142ej Tr\u00f3jeczce\u201d Przez kilka tygodni przedszkolaki z Weso\u0142ej Tr\u00f3jeczki we Wroc\u0142awiu z zaanga\u017cowaniem tworzy\u0142y swoje w\u0142asne opowie\u015bci. Bohaterowie dostali imiona, a dzieci postanowi\u0142y nada\u0107 im tak\u017ce specjalne atrybuty i moce. Wszystkie historie znalaz\u0142y si\u0119 w r\u0119cznie wykonanych ksi\u0105\u017ceczkach. Du\u017c\u0105 frajd\u0119 sprawi\u0142o nam r\u00f3wnie\u017c wsp\u00f3lne opowiadanie.\u00a0 @Popisajki to \u0107wiczenia z wyobra\u017ani, wychodzenia &hellip;<\/p>\n","protected":false},"author":2,"featured_media":398,"comment_status":"closed","ping_status":"open","sticky":false,"template":"","format":"standard","meta":{"footnotes":""},"categories":[7],"tags":[],"class_list":["post-397","post","type-post","status-publish","format-standard","has-post-thumbnail","hentry","category-aktualnosci"],"_links":{"self":[{"href":"https:\/\/ewamartynkien.com\/index.php\/wp-json\/wp\/v2\/posts\/397","targetHints":{"allow":["GET"]}}],"collection":[{"href":"https:\/\/ewamartynkien.com\/index.php\/wp-json\/wp\/v2\/posts"}],"about":[{"href":"https:\/\/ewamartynkien.com\/index.php\/wp-json\/wp\/v2\/types\/post"}],"author":[{"embeddable":true,"href":"https:\/\/ewamartynkien.com\/index.php\/wp-json\/wp\/v2\/users\/2"}],"replies":[{"embeddable":true,"href":"https:\/\/ewamartynkien.com\/index.php\/wp-json\/wp\/v2\/comments?post=397"}],"version-history":[{"count":4,"href":"https:\/\/ewamartynkien.com\/index.php\/wp-json\/wp\/v2\/posts\/397\/revisions"}],"predecessor-version":[{"id":403,"href":"https:\/\/ewamartynkien.com\/index.php\/wp-json\/wp\/v2\/posts\/397\/revisions\/403"}],"wp:featuredmedia":[{"embeddable":true,"href":"https:\/\/ewamartynkien.com\/index.php\/wp-json\/wp\/v2\/media\/398"}],"wp:attachment":[{"href":"https:\/\/ewamartynkien.com\/index.php\/wp-json\/wp\/v2\/media?parent=397"}],"wp:term":[{"taxonomy":"category","embeddable":true,"href":"https:\/\/ewamartynkien.com\/index.php\/wp-json\/wp\/v2\/categories?post=397"},{"taxonomy":"post_tag","embeddable":true,"href":"https:\/\/ewamartynkien.com\/index.php\/wp-json\/wp\/v2\/tags?post=397"}],"curies":[{"name":"wp","href":"https:\/\/api.w.org\/{rel}","templated":true}]}}